{"id":2222,"date":"2024-06-24T20:39:50","date_gmt":"2024-06-24T18:39:50","guid":{"rendered":"https:\/\/zsp1konskie.com\/?p=2222"},"modified":"2024-06-24T20:41:05","modified_gmt":"2024-06-24T18:41:05","slug":"uroczyste-zakonczenie-roku-szkolnego-2023-2024","status":"publish","type":"post","link":"https:\/\/zsp1konskie.com\/?p=2222","title":{"rendered":"UROCZYSTE ZAKO\u0143CZENIE ROKU SZKOLNEGO 2023\/2024"},"content":{"rendered":"\n<p>21 czerwca 2024 w Zespole Szk\u00f3\u0142 Ponadpodstawowych nr 1 w Ko\u0144skich mia\u0142o miejsce uroczyste zako\u0144czenie roku szkolnego.<\/p>\n\n\n\n<!--more-->\n\n\n\n<p>Po wprowadzeniu Sztandaru Szko\u0142y i wsp\u00f3lnym od\u015bpiewaniu hymnu pa\u0144stwowego, Pani dyrektor Beata Jakubowska serdecznie powita\u0142a zaproszonych go\u015bci, Pani\u0105 Danut\u0119 Le\u015bniewicz - przedstawiciela Starostwa Powiatowego, grono pedagogiczne, uczni\u00f3w oraz rodzic\u00f3w.<\/p>\n\n\n\n<p>Szczeg\u00f3lne s\u0142owa podzi\u0119kowania skierowane <a><\/a>zosta\u0142y do nauczycieli za wk\u0142ad w\u0142o\u017cony w prac\u0119, edukacj\u0119 m\u0142odzie\u017cy oraz uczni\u00f3w, kt\u00f3rzy byli zaanga\u017cowani w proces edukacyjny i osi\u0105gn\u0119li bardzo dobre wyniki w nauce, 100% frekwencj\u0119 oraz reprezentowali szko\u0142\u0119 podczas powiatowych uroczysto\u015bci.<\/p>\n\n\n\n<p>Najwy\u017csze wyniki w nauce osi\u0105gn\u0119li uczniowie:<\/p>\n\n\n\n<p>4 TI - Kozi\u0144ski Jakub - 5,65<\/p>\n\n\n\n<p>4 TI - Smuga Fabian - 5,59<\/p>\n\n\n\n<p>2 TE - Pi\u0142at Dawid - 5,50<\/p>\n\n\n\n<p>4 TUiSEO - Sosnowska Natalia - 5,44<\/p>\n\n\n\n<p>4 TI - \u017burawski Pawe\u0142 - 5,29<\/p>\n\n\n\n<p>1 TPS - Bali\u0144ski Jan - 5,21<\/p>\n\n\n\n<p>3 TUiSEO - Dziurd\u017a Oliwia - 5,17<\/p>\n\n\n\n<p>4 TUiSEO - Banasik Aleksandra - 5,17<\/p>\n\n\n\n<p>4 TI - D\u0105browski Szymon - 5,12<\/p>\n\n\n\n<p>4 TI - Kaczmarek Micha\u0142 - 5,12<\/p>\n\n\n\n<p>4 TUiSEO - Brzezi\u0144ska Alicja - 5,06<\/p>\n\n\n\n<p>3 TPS - Walkiewicz Pawe\u0142 - 5,05<\/p>\n\n\n\n<p>2 TI - Wojtu\u015bciszyn Olaf - 5,05<\/p>\n\n\n\n<p>2 TI - \u0141uszczy\u0144ski Jakub - 5,00<\/p>\n\n\n\n<p>2 TUiSEO - Zamachowska Wiktoria - 5,00<\/p>\n\n\n\n<p>3 TE - Milczarek Piotr - 5,00<\/p>\n\n\n\n<p>4 TI - Piotrowski Mateusz - 5,00<\/p>\n\n\n\n<p>100% frekwencj\u0119 uzyskali:<\/p>\n\n\n\n<p>- Owczarek Igor \u2013 1 TI<\/p>\n\n\n\n<p>- Janus Kacper \u2013 1 TI<\/p>\n\n\n\n<p>- \u0141uszczy\u0144ski Jakub \u2013 2 TI<\/p>\n\n\n\n<p>- Janiszewski Igor \u2013 1 TPS<\/p>\n\n\n\n<p>- Szokalski Rafa\u0142 \u2013 1 TUISEO<\/p>\n\n\n\n<p>- D\u0105browski Szymon \u2013 4 TI<\/p>\n\n\n\n<p>Podzi\u0119kowania za prac\u0119 w Szkolnym Klubie Mediacji otrzymali: Gabriela Szewczyk, Dawid Pi\u0142at, Marcin Pazur, Marcel \u015alifierz, Zuzanna Szulc, Natalia Sosnowska, Aleksandra Banasik, Alicja Brzezi\u0144ska, Katarzyna Ko\u0142ba, Wiktoria Ko\u0142odziej, Magdalena Fidelus, Aleksandra Polewczyk, Emilia Zimerman, Julia J\u0119drasik.<\/p>\n\n\n\n<p>Podczas uroczysto\u015bci Pani Danuta Le\u015bniewicz odczyta\u0142a list od Starosty Koneckiego skierowany do Dyrekcji, Grona Pedagogicznego, pracownik\u00f3w szko\u0142y, uczni\u00f3w i rodzic\u00f3w. Pani dyrektor przekaza\u0142a s\u0142owa skierowane do ca\u0142ej spo\u0142eczno\u015bci szkolnej od \u015awi\u0119tokrzyskiego Kuratora O\u015bwiaty.<\/p>\n\n\n\n<p>Rada Rodzic\u00f3w oraz Stowarzyszenie Przyjaci\u00f3\u0142 Mechanika ufundowali dla najzdolniejszych uczni\u00f3w stypendia, kt\u00f3re wr\u0119czyli Aneta Florczyk-Dziurd\u017a, Hanna Lesiak oraz Witold Fitas.<\/p>\n\n\n\n<p>Do zobaczenia we wrze\u015bniu! Mi\u0142ych wakacji!<\/p>\n\n\n","protected":false},"excerpt":{"rendered":"<p>21 czerwca 2024 w Zespole Szk\u00f3\u0142 Ponadpodstawowych nr 1 w Ko\u0144skich mia\u0142o miejsce uroczyste zako\u0144czenie roku szkolnego.<\/p>\n","protected":false},"author":1,"featured_media":0,"comment_status":"closed","ping_status":"closed","sticky":false,"template":"","format":"standard","meta":{"footnotes":""},"categories":[3],"tags":[],"class_list":{"0":"post-2222","1":"post","2":"type-post","3":"status-publish","4":"format-standard","6":"category-news","7":"h-entry","8":"hentry","9":"h-as-article"},"_links":{"self":[{"href":"https:\/\/zsp1konskie.com\/index.php?rest_route=\/wp\/v2\/posts\/2222","targetHints":{"allow":["GET"]}}],"collection":[{"href":"https:\/\/zsp1konskie.com\/index.php?rest_route=\/wp\/v2\/posts"}],"about":[{"href":"https:\/\/zsp1konskie.com\/index.php?rest_route=\/wp\/v2\/types\/post"}],"author":[{"embeddable":true,"href":"https:\/\/zsp1konskie.com\/index.php?rest_route=\/wp\/v2\/users\/1"}],"replies":[{"embeddable":true,"href":"https:\/\/zsp1konskie.com\/index.php?rest_route=%2Fwp%2Fv2%2Fcomments&post=2222"}],"version-history":[{"count":3,"href":"https:\/\/zsp1konskie.com\/index.php?rest_route=\/wp\/v2\/posts\/2222\/revisions"}],"predecessor-version":[{"id":2225,"href":"https:\/\/zsp1konskie.com\/index.php?rest_route=\/wp\/v2\/posts\/2222\/revisions\/2225"}],"wp:attachment":[{"href":"https:\/\/zsp1konskie.com\/index.php?rest_route=%2Fwp%2Fv2%2Fmedia&parent=2222"}],"wp:term":[{"taxonomy":"category","embeddable":true,"href":"https:\/\/zsp1konskie.com\/index.php?rest_route=%2Fwp%2Fv2%2Fcategories&post=2222"},{"taxonomy":"post_tag","embeddable":true,"href":"https:\/\/zsp1konskie.com\/index.php?rest_route=%2Fwp%2Fv2%2Ftags&post=2222"}],"curies":[{"name":"wp","href":"https:\/\/api.w.org\/{rel}","templated":true}]}}