{"id":2547,"date":"2026-04-24T21:28:50","date_gmt":"2026-04-24T19:28:50","guid":{"rendered":"https:\/\/zsp1konskie.com\/?p=2547"},"modified":"2026-04-24T21:28:52","modified_gmt":"2026-04-24T19:28:52","slug":"mechanik-ukonczony-czas-na-podboj-swiata","status":"publish","type":"post","link":"https:\/\/zsp1konskie.com\/?p=2547","title":{"rendered":"MECHANIK UKO\u0143CZONY &#8211; CZAS NA PODB\u00d3J \u015aWIATA!"},"content":{"rendered":"\n<p>24 kwietnia odby\u0142a si\u0119 uroczysta ceremonia po\u017cegnania uczni\u00f3w klas pi\u0105tych.<\/p>\n\n\n\n<!--more-->\n\n\n\n<p>Wydarzenie to by\u0142o okazj\u0105 do podsumowania pi\u0119ciu lat nauki oraz nagrodzenia tych, kt\u00f3rzy w spos\u00f3b szczeg\u00f3lny wyr\u00f3\u017cnili si\u0119 na tle spo\u0142eczno\u015bci szkolnej.<\/p>\n\n\n\n<p>Dyrektor Beata Jakubowska przywita\u0142a zgromadzonych go\u015bci, w\u015br\u00f3d kt\u00f3rych znale\u017ali si\u0119: Wicestarosta Konecki pan Jaros\u0142aw Staciwa, przedstawiciele Rady Rodzic\u00f3w, grono pedagogiczne, rodzice oraz g\u0142\u00f3wni bohaterowie uroczysto\u015bci \u2013 uczniowie klas pi\u0105tych. Spotkanie relacjonowa\u0142y r\u00f3wnie\u017c lokalne media.<\/p>\n\n\n\n<p>W trakcie uroczysto\u015bci wr\u0119czono liczne wyr\u00f3\u017cnienia za wybitne wyniki w nauce, godne reprezentowanie szko\u0142y w poczcie sztandarowym, sukcesy sportowe, prac\u0119 spo\u0142eczn\u0105 oraz zaanga\u017cowanie w wolontariat.<\/p>\n\n\n\n<p>Tytu\u0142 Najlepszego Absolwenta zdoby\u0142 Piotr Milczarek (klasa technik elektryk), kt\u00f3ry uko\u0144czy\u0142 szko\u0142\u0119 z imponuj\u0105c\u0105 \u015bredni\u0105 ocen 5,19.<\/p>\n\n\n\n<p>Wysokie wyniki uzyskali r\u00f3wnie\u017c:<\/p>\n\n\n\n<p>\u2022 Natalia \u015awiercz (V TAK) \u2013 5,17<\/p>\n\n\n\n<p>\u2022 Pawe\u0142 Walkiewicz (V TPS) \u2013 5,07<\/p>\n\n\n\n<p>\u2022 Oliwia Dziurd\u017a (V TUiSEO) \u2013 5,00<\/p>\n\n\n\n<p>\u2022 Mateusz Kuleta (V TE) \u2013 4,84<\/p>\n\n\n\n<p>\u2022 Przemys\u0142aw Noga (V TPS) \u2013 4,78<\/p>\n\n\n\n<p>\u2022 Kinga Lichota (V TI) \u2013 4,77<\/p>\n\n\n\n<p>\u2022 Antoni Balcerak (V TUiSEO) \u2013 4,61<\/p>\n\n\n\n<p>\u2022 Kacper Gajda (V TI) \u2013 4,61<\/p>\n\n\n\n<p>\u2022 Kacper Kuterski (V TI) \u2013 4,58<\/p>\n\n\n\n<p>Przyznano tak\u017ce tytu\u0142y Najlepszy w Zawodzie:<\/p>\n\n\n\n<p>\u2022 Technik architektury krajobrazu: Natalia \u015awiercz<\/p>\n\n\n\n<p>\u2022 Technik pojazd\u00f3w samochodowych: Pawe\u0142 Walkiewicz<\/p>\n\n\n\n<p>\u2022 Technik urz\u0105dze\u0144 i system\u00f3w energetyki odnawialnej: Oliwia Dziurd\u017a<\/p>\n\n\n\n<p>\u2022 Technik elektryk: Mateusz Kuleta<\/p>\n\n\n\n<p>\u2022 Technik informatyk: Kacper Kuterski<\/p>\n\n\n\n<p>Podzi\u0119kowania za udzia\u0142 w pocztach sztandarowych oraz patriotyczn\u0105 postaw\u0119 podczas uroczysto\u015bci powiatowych otrzymali: Miko\u0142aj Gorzewski, Tomasz Basiak (V TPS), Micha\u0142 Kuleta (V TPS) i Marcel \u015alifierz (V TPS).<\/p>\n\n\n\n<p>Dodatkowo, Marcel \u015alifierz (V TPS), Micha\u0142 Kuleta (V TPS) oraz Miko\u0142aj Gorzewski (V TUiSEO) zostali nagrodzeni za sukcesy w Zawodach Strzeleckich Klas Wojskowych na szczeblu wojew\u00f3dzkim.<\/p>\n\n\n\n<p>Nagrod\u0119 Stowarzyszenia Przyjaci\u00f3\u0142 Mechanika za aktywn\u0105 wsp\u00f3\u0142prac\u0119 otrzyma\u0142a Marta Kurp (V TAK).<\/p>\n\n\n\n<p>Za godne reprezentowanie szko\u0142y w zawodach sportowych wyr\u00f3\u017cnieni zostali: Sara Galant (VTAK), Jan Kijewski (VTI), Micha\u0142 Kuleta (VTPS), Tomasz Chojnacki (VTPS), Patryk Prasa\u0142 (VTUiSEO), Antoni Balcerak (VTUiSEO), Tobiasz Konieczny (VTI), Zuzanna Szulc (VTAK), Mateusz Nowak (VTE).<\/p>\n\n\n\n<p>Pani Dyrektor skierowa\u0142a szczeg\u00f3lne s\u0142owa uznania do rodzic\u00f3w, dzi\u0119kuj\u0105c im za wzorowe wychowanie dzieci i wsparcie ich w procesie edukacji.<\/p>\n\n\n\n<p>Listy gratulacyjne odebrali: Pa\u0144stwo Beata i Krzysztof Milczarkowie, Pani Renata Jurek, Pa\u0144stwo Monika i Przemys\u0142aw Walkiewiczowie, Pa\u0144stwo Aneta Florczyk-Dziurd\u017a i Sebastian Dziurd\u017a, Pa\u0144stwo Katarzyna i Grzegorz Kuletowie, Pa\u0144stwo Katarzyna i Zbigniew Noga, Pa\u0144stwo Izabela i Zbigniew Lichota oraz Pa\u0144stwo Beata i Ryszard Kuterscy.<\/p>\n\n\n\n<p>S\u0142owa wdzi\u0119czno\u015bci pop\u0142yn\u0119\u0142y r\u00f3wnie\u017c w stron\u0119 wychowawc\u00f3w: Moniki Og\u0142ozy (V TUiSEO\/TE), Donaty Banasik (V TI), Magdaleny Paw\u0142owskiej (V TPS) oraz El\u017cbiety Sobczyk (V TAK), a tak\u017ce ca\u0142ego grona pedagogicznego i pracownik\u00f3w administracji.<\/p>\n\n\n\n<p>Na zako\u0144czenie Pani Dyrektor \u017cyczy\u0142a absolwentom odwagi w realizacji marze\u0144 oraz wielu sukces\u00f3w w \u017cyciu osobistym i zawodowym, podsumowuj\u0105c uroczysto\u015b\u0107 s\u0142owami: \u201ePrzed Wami \u015bwiat pe\u0142en mo\u017cliwo\u015bci \u2013 warto mie\u0107 odwag\u0119, by po niego si\u0119ga\u0107\u201d.<\/p>\n\n\n\n<p><strong><a href=\"https:\/\/www.facebook.com\/ZSP1Konskie\/posts\/pfbid02ckLxXdULFx5CCpM1yrS4Mm9YEPVk6VAmrBz9NbN8ygvgYqdUqYpPzDpEbHTtUNcil\">Galeria zdj\u0119\u0107<\/a><\/strong><\/p>\n\n\n\n<p><\/p>\n","protected":false},"excerpt":{"rendered":"<p>24 kwietnia odby\u0142a si\u0119 uroczysta ceremonia po\u017cegnania uczni\u00f3w klas pi\u0105tych.<\/p>\n","protected":false},"author":1,"featured_media":0,"comment_status":"closed","ping_status":"closed","sticky":false,"template":"","format":"standard","meta":{"footnotes":""},"categories":[3],"tags":[],"class_list":{"0":"post-2547","1":"post","2":"type-post","3":"status-publish","4":"format-standard","6":"category-news","7":"h-entry","8":"hentry","9":"h-as-article"},"_links":{"self":[{"href":"https:\/\/zsp1konskie.com\/index.php?rest_route=\/wp\/v2\/posts\/2547","targetHints":{"allow":["GET"]}}],"collection":[{"href":"https:\/\/zsp1konskie.com\/index.php?rest_route=\/wp\/v2\/posts"}],"about":[{"href":"https:\/\/zsp1konskie.com\/index.php?rest_route=\/wp\/v2\/types\/post"}],"author":[{"embeddable":true,"href":"https:\/\/zsp1konskie.com\/index.php?rest_route=\/wp\/v2\/users\/1"}],"replies":[{"embeddable":true,"href":"https:\/\/zsp1konskie.com\/index.php?rest_route=%2Fwp%2Fv2%2Fcomments&post=2547"}],"version-history":[{"count":1,"href":"https:\/\/zsp1konskie.com\/index.php?rest_route=\/wp\/v2\/posts\/2547\/revisions"}],"predecessor-version":[{"id":2548,"href":"https:\/\/zsp1konskie.com\/index.php?rest_route=\/wp\/v2\/posts\/2547\/revisions\/2548"}],"wp:attachment":[{"href":"https:\/\/zsp1konskie.com\/index.php?rest_route=%2Fwp%2Fv2%2Fmedia&parent=2547"}],"wp:term":[{"taxonomy":"category","embeddable":true,"href":"https:\/\/zsp1konskie.com\/index.php?rest_route=%2Fwp%2Fv2%2Fcategories&post=2547"},{"taxonomy":"post_tag","embeddable":true,"href":"https:\/\/zsp1konskie.com\/index.php?rest_route=%2Fwp%2Fv2%2Ftags&post=2547"}],"curies":[{"name":"wp","href":"https:\/\/api.w.org\/{rel}","templated":true}]}}